{"id":300,"date":"2015-10-30T09:10:28","date_gmt":"2015-10-30T08:10:28","guid":{"rendered":"http:\/\/blog.wiltec.de\/fr\/?p=300"},"modified":"2015-10-30T09:17:19","modified_gmt":"2015-10-30T08:17:19","slug":"semaine-4-projet-construction-wiltec-commencement-metallique","status":"publish","type":"post","link":"http:\/\/blog.wiltec.de\/fr\/backstage-wildanger-wiltec\/nouveau-magasin-wiltec-wildanger\/semaine-4-projet-construction-wiltec-commencement-metallique","title":{"rendered":"Semaine 4 \u2013 Projet de construction de WilTec: Commencement de la construction m\u00e9tallique"},"content":{"rendered":"<div id='gallery-1' class='gallery galleryid-300 gallery-columns-3 gallery-size-thumbnail'><figure class='gallery-item'>\n\t\t\t<div class='gallery-icon landscape'>\n\t\t\t\t<a href='http:\/\/blog.wiltec.de\/fr\/wp-content\/uploads\/sites\/4\/2015\/10\/wiltec-acier-semaine-46.jpg'><img width=\"150\" height=\"150\" src=\"http:\/\/blog.wiltec.de\/fr\/wp-content\/uploads\/sites\/4\/2015\/10\/wiltec-acier-semaine-46-150x150.jpg\" class=\"attachment-thumbnail size-thumbnail\" alt=\"Semaine 4 - les projets de construction Wiltec: le d\u00e9but du montage de l&#039;acier\" loading=\"lazy\" \/><\/a>\n\t\t\t<\/div><\/figure><figure class='gallery-item'>\n\t\t\t<div class='gallery-icon landscape'>\n\t\t\t\t<a href='http:\/\/blog.wiltec.de\/fr\/wp-content\/uploads\/sites\/4\/2015\/10\/wiltec-acier-semaine-42.jpg'><img width=\"150\" height=\"150\" src=\"http:\/\/blog.wiltec.de\/fr\/wp-content\/uploads\/sites\/4\/2015\/10\/wiltec-acier-semaine-42-150x150.jpg\" class=\"attachment-thumbnail size-thumbnail\" alt=\"Semaine 4 - les projets de construction Wiltec: le d\u00e9but du montage de l&#039;acier\" loading=\"lazy\" \/><\/a>\n\t\t\t<\/div><\/figure><figure class='gallery-item'>\n\t\t\t<div class='gallery-icon landscape'>\n\t\t\t\t<a href='http:\/\/blog.wiltec.de\/fr\/wp-content\/uploads\/sites\/4\/2015\/10\/wiltec-acier-semaine-41.jpg'><img width=\"150\" height=\"150\" src=\"http:\/\/blog.wiltec.de\/fr\/wp-content\/uploads\/sites\/4\/2015\/10\/wiltec-acier-semaine-41-150x150.jpg\" class=\"attachment-thumbnail size-thumbnail\" alt=\"Semaine 4 - les projets de construction Wiltec: le d\u00e9but du montage de l&#039;acier\" loading=\"lazy\" \/><\/a>\n\t\t\t<\/div><\/figure><figure class='gallery-item'>\n\t\t\t<div class='gallery-icon landscape'>\n\t\t\t\t<a href='http:\/\/blog.wiltec.de\/fr\/wp-content\/uploads\/sites\/4\/2015\/10\/wiltec-acier-semaine-47.jpg'><img width=\"150\" height=\"150\" src=\"http:\/\/blog.wiltec.de\/fr\/wp-content\/uploads\/sites\/4\/2015\/10\/wiltec-acier-semaine-47-150x150.jpg\" class=\"attachment-thumbnail size-thumbnail\" alt=\"Semaine 4 - les projets de construction Wiltec: le d\u00e9but du montage de l&#039;acier\" loading=\"lazy\" \/><\/a>\n\t\t\t<\/div><\/figure><figure class='gallery-item'>\n\t\t\t<div class='gallery-icon landscape'>\n\t\t\t\t<a href='http:\/\/blog.wiltec.de\/fr\/wp-content\/uploads\/sites\/4\/2015\/10\/wiltec-acier-semaine-44.jpg'><img width=\"150\" height=\"150\" src=\"http:\/\/blog.wiltec.de\/fr\/wp-content\/uploads\/sites\/4\/2015\/10\/wiltec-acier-semaine-44-150x150.jpg\" class=\"attachment-thumbnail size-thumbnail\" alt=\"Semaine 4 - les projets de construction Wiltec: le d\u00e9but du montage de l&#039;acier\" loading=\"lazy\" \/><\/a>\n\t\t\t<\/div><\/figure><figure class='gallery-item'>\n\t\t\t<div class='gallery-icon landscape'>\n\t\t\t\t<a href='http:\/\/blog.wiltec.de\/fr\/wp-content\/uploads\/sites\/4\/2015\/10\/wiltec-acier-semaine-43.jpg'><img width=\"150\" height=\"150\" src=\"http:\/\/blog.wiltec.de\/fr\/wp-content\/uploads\/sites\/4\/2015\/10\/wiltec-acier-semaine-43-150x150.jpg\" class=\"attachment-thumbnail size-thumbnail\" alt=\"Semaine 4 - les projets de construction Wiltec: le d\u00e9but du montage de l&#039;acier\" loading=\"lazy\" \/><\/a>\n\t\t\t<\/div><\/figure>\n\t\t<\/div>\n\n<p>La construction m\u00e9tallique a commenc\u00e9. Beaucoup de camions avec de pi\u00e8ces m\u00e9talliques et de b\u00e9ton pr\u00e9fabriqu\u00e9 sont arriv\u00e9s sur le chantier.<\/p>\n<p>Le d\u00e9roulement du projet est d\u00e9j\u00e0 bien visible.<\/p>\n","protected":false},"excerpt":{"rendered":"<p>La construction m\u00e9tallique a commenc\u00e9. Beaucoup de camions avec de pi\u00e8ces m\u00e9talliques et de b\u00e9ton pr\u00e9fabriqu\u00e9 sont arriv\u00e9s sur le chantier. Le d\u00e9roulement du projet est d\u00e9j\u00e0 bien visible.<\/p>\n","protected":false},"author":2,"featured_media":298,"comment_status":"open","ping_status":"open","sticky":false,"template":"","format":"standard","meta":[],"categories":[1],"tags":[40,38,42],"yoast_head":"<!-- This site is optimized with the Yoast SEO plugin v14.9 - https:\/\/yoast.com\/wordpress\/plugins\/seo\/ -->\n<title>Semaine 4 \u2013 Commencement de la construction m\u00e9tallique<\/title>\n<meta name=\"description\" content=\"La construction m\u00e9tallique a commenc\u00e9. Beaucoup de camions avec de pi\u00e8ces m\u00e9talliques et de b\u00e9ton pr\u00e9fabriqu\u00e9 sont arriv\u00e9s sur le chantier.\" \/>\n<meta name=\"robots\" content=\"index, follow, max-snippet:-1, max-image-preview:large, max-video-preview:-1\" \/>\n<link rel=\"canonical\" href=\"http:\/\/blog.wiltec.de\/fr\/backstage-wildanger-wiltec\/nouveau-magasin-wiltec-wildanger\/semaine-4-projet-construction-wiltec-commencement-metallique\" \/>\n<meta property=\"og:locale\" content=\"fr_FR\" \/>\n<meta property=\"og:type\" content=\"article\" \/>\n<meta property=\"og:title\" content=\"Semaine 4 \u2013 Commencement de la construction m\u00e9tallique\" \/>\n<meta property=\"og:description\" content=\"La construction m\u00e9tallique a commenc\u00e9. Beaucoup de camions avec de pi\u00e8ces m\u00e9talliques et de b\u00e9ton pr\u00e9fabriqu\u00e9 sont arriv\u00e9s sur le chantier.\" \/>\n<meta property=\"og:url\" content=\"http:\/\/blog.wiltec.de\/fr\/backstage-wildanger-wiltec\/nouveau-magasin-wiltec-wildanger\/semaine-4-projet-construction-wiltec-commencement-metallique\" \/>\n<meta property=\"og:site_name\" content=\"blog.Wiltec.de\" \/>\n<meta property=\"article:published_time\" content=\"2015-10-30T08:10:28+00:00\" \/>\n<meta property=\"article:modified_time\" content=\"2015-10-30T08:17:19+00:00\" \/>\n<meta property=\"og:image\" content=\"http:\/\/blog.wiltec.de\/fr\/wp-content\/uploads\/sites\/4\/2015\/10\/wiltec-acier-semaine-45.jpg\" \/>\n\t<meta property=\"og:image:width\" content=\"1200\" \/>\n\t<meta property=\"og:image:height\" content=\"900\" \/>\n<meta name=\"twitter:card\" content=\"summary\" \/>\n<script type=\"application\/ld+json\" class=\"yoast-schema-graph\">{\"@context\":\"https:\/\/schema.org\",\"@graph\":[{\"@type\":\"WebSite\",\"@id\":\"http:\/\/blog.wiltec.de\/fr\/#website\",\"url\":\"http:\/\/blog.wiltec.de\/fr\/\",\"name\":\"blog.Wiltec.de\",\"description\":\"WilTec Wildanger Technik GmbH\",\"potentialAction\":[{\"@type\":\"SearchAction\",\"target\":\"http:\/\/blog.wiltec.de\/fr\/?s={search_term_string}\",\"query-input\":\"required name=search_term_string\"}],\"inLanguage\":\"fr-FR\"},{\"@type\":\"ImageObject\",\"@id\":\"http:\/\/blog.wiltec.de\/fr\/backstage-wildanger-wiltec\/nouveau-magasin-wiltec-wildanger\/semaine-4-projet-construction-wiltec-commencement-metallique#primaryimage\",\"inLanguage\":\"fr-FR\",\"url\":\"http:\/\/blog.wiltec.de\/fr\/wp-content\/uploads\/sites\/4\/2015\/10\/wiltec-acier-semaine-45.jpg\",\"width\":1200,\"height\":900,\"caption\":\"Semaine 4 - les projets de construction Wiltec: le d\\u00e9but du montage de l'acier\"},{\"@type\":\"WebPage\",\"@id\":\"http:\/\/blog.wiltec.de\/fr\/backstage-wildanger-wiltec\/nouveau-magasin-wiltec-wildanger\/semaine-4-projet-construction-wiltec-commencement-metallique#webpage\",\"url\":\"http:\/\/blog.wiltec.de\/fr\/backstage-wildanger-wiltec\/nouveau-magasin-wiltec-wildanger\/semaine-4-projet-construction-wiltec-commencement-metallique\",\"name\":\"Semaine 4 \\u2013 Commencement de la construction m\\u00e9tallique\",\"isPartOf\":{\"@id\":\"http:\/\/blog.wiltec.de\/fr\/#website\"},\"primaryImageOfPage\":{\"@id\":\"http:\/\/blog.wiltec.de\/fr\/backstage-wildanger-wiltec\/nouveau-magasin-wiltec-wildanger\/semaine-4-projet-construction-wiltec-commencement-metallique#primaryimage\"},\"datePublished\":\"2015-10-30T08:10:28+00:00\",\"dateModified\":\"2015-10-30T08:17:19+00:00\",\"author\":{\"@id\":\"http:\/\/blog.wiltec.de\/fr\/#\/schema\/person\/580393207d70bc3a2d86244ce7aa6ae4\"},\"description\":\"La construction m\\u00e9tallique a commenc\\u00e9. Beaucoup de camions avec de pi\\u00e8ces m\\u00e9talliques et de b\\u00e9ton pr\\u00e9fabriqu\\u00e9 sont arriv\\u00e9s sur le chantier.\",\"inLanguage\":\"fr-FR\",\"potentialAction\":[{\"@type\":\"ReadAction\",\"target\":[\"http:\/\/blog.wiltec.de\/fr\/backstage-wildanger-wiltec\/nouveau-magasin-wiltec-wildanger\/semaine-4-projet-construction-wiltec-commencement-metallique\"]}]},{\"@type\":\"Person\",\"@id\":\"http:\/\/blog.wiltec.de\/fr\/#\/schema\/person\/580393207d70bc3a2d86244ce7aa6ae4\",\"name\":\"WilTec\"}]}<\/script>\n<!-- \/ Yoast SEO plugin. -->","_links":{"self":[{"href":"http:\/\/blog.wiltec.de\/fr\/wp-json\/wp\/v2\/posts\/300"}],"collection":[{"href":"http:\/\/blog.wiltec.de\/fr\/wp-json\/wp\/v2\/posts"}],"about":[{"href":"http:\/\/blog.wiltec.de\/fr\/wp-json\/wp\/v2\/types\/post"}],"author":[{"embeddable":true,"href":"http:\/\/blog.wiltec.de\/fr\/wp-json\/wp\/v2\/users\/2"}],"replies":[{"embeddable":true,"href":"http:\/\/blog.wiltec.de\/fr\/wp-json\/wp\/v2\/comments?post=300"}],"version-history":[{"count":2,"href":"http:\/\/blog.wiltec.de\/fr\/wp-json\/wp\/v2\/posts\/300\/revisions"}],"predecessor-version":[{"id":304,"href":"http:\/\/blog.wiltec.de\/fr\/wp-json\/wp\/v2\/posts\/300\/revisions\/304"}],"wp:featuredmedia":[{"embeddable":true,"href":"http:\/\/blog.wiltec.de\/fr\/wp-json\/wp\/v2\/media\/298"}],"wp:attachment":[{"href":"http:\/\/blog.wiltec.de\/fr\/wp-json\/wp\/v2\/media?parent=300"}],"wp:term":[{"taxonomy":"category","embeddable":true,"href":"http:\/\/blog.wiltec.de\/fr\/wp-json\/wp\/v2\/categories?post=300"},{"taxonomy":"post_tag","embeddable":true,"href":"http:\/\/blog.wiltec.de\/fr\/wp-json\/wp\/v2\/tags?post=300"}],"curies":[{"name":"wp","href":"https:\/\/api.w.org\/{rel}","templated":true}]}}