{"id":190,"date":"2015-10-01T17:03:45","date_gmt":"2015-10-01T15:03:45","guid":{"rendered":"http:\/\/blog.wiltec.de\/fr\/?p=190"},"modified":"2015-10-01T17:04:20","modified_gmt":"2015-10-01T15:04:20","slug":"jour-1-site-wiltec-ernst-abbe-str-eschweiler","status":"publish","type":"post","link":"http:\/\/blog.wiltec.de\/fr\/backstage-wildanger-wiltec\/nouveau-magasin-wiltec-wildanger\/jour-1-site-wiltec-ernst-abbe-str-eschweiler","title":{"rendered":"Jour 1 &#8211; Site WilTec: Ernst-Abbe-Str. &#8211; Eschweiler"},"content":{"rendered":"<div id='gallery-1' class='gallery galleryid-190 gallery-columns-3 gallery-size-medium'><figure class='gallery-item'>\n\t\t\t<div class='gallery-icon landscape'>\n\t\t\t\t<a href='http:\/\/blog.wiltec.de\/fr\/wp-content\/uploads\/sites\/4\/2015\/10\/IGP-TAG-1-1.jpg'><img width=\"300\" height=\"225\" src=\"http:\/\/blog.wiltec.de\/fr\/wp-content\/uploads\/sites\/4\/2015\/10\/IGP-TAG-1-1-300x225.jpg\" class=\"attachment-medium size-medium\" alt=\"Jour 1 - Site WilTec: Ernst-Abbe-Str. - Eschweiler\" loading=\"lazy\" srcset=\"http:\/\/blog.wiltec.de\/fr\/wp-content\/uploads\/sites\/4\/2015\/10\/IGP-TAG-1-1-300x225.jpg 300w, http:\/\/blog.wiltec.de\/fr\/wp-content\/uploads\/sites\/4\/2015\/10\/IGP-TAG-1-1.jpg 953w\" sizes=\"(max-width: 300px) 100vw, 300px\" \/><\/a>\n\t\t\t<\/div><\/figure><figure class='gallery-item'>\n\t\t\t<div class='gallery-icon landscape'>\n\t\t\t\t<a href='http:\/\/blog.wiltec.de\/fr\/wp-content\/uploads\/sites\/4\/2015\/10\/IGP-TAG-1-3.jpg'><img width=\"300\" height=\"225\" src=\"http:\/\/blog.wiltec.de\/fr\/wp-content\/uploads\/sites\/4\/2015\/10\/IGP-TAG-1-3-300x225.jpg\" class=\"attachment-medium size-medium\" alt=\"Jour 1 - Site WilTec: Ernst-Abbe-Str. - Eschweiler\" loading=\"lazy\" srcset=\"http:\/\/blog.wiltec.de\/fr\/wp-content\/uploads\/sites\/4\/2015\/10\/IGP-TAG-1-3-300x225.jpg 300w, http:\/\/blog.wiltec.de\/fr\/wp-content\/uploads\/sites\/4\/2015\/10\/IGP-TAG-1-3.jpg 953w\" sizes=\"(max-width: 300px) 100vw, 300px\" \/><\/a>\n\t\t\t<\/div><\/figure><figure class='gallery-item'>\n\t\t\t<div class='gallery-icon landscape'>\n\t\t\t\t<a href='http:\/\/blog.wiltec.de\/fr\/wp-content\/uploads\/sites\/4\/2015\/10\/IGP-TAG-1-2.jpg'><img width=\"300\" height=\"225\" src=\"http:\/\/blog.wiltec.de\/fr\/wp-content\/uploads\/sites\/4\/2015\/10\/IGP-TAG-1-2-300x225.jpg\" class=\"attachment-medium size-medium\" alt=\"Jour 1 - Site WilTec: Ernst-Abbe-Str. - Eschweiler\" loading=\"lazy\" srcset=\"http:\/\/blog.wiltec.de\/fr\/wp-content\/uploads\/sites\/4\/2015\/10\/IGP-TAG-1-2-300x225.jpg 300w, http:\/\/blog.wiltec.de\/fr\/wp-content\/uploads\/sites\/4\/2015\/10\/IGP-TAG-1-2.jpg 953w\" sizes=\"(max-width: 300px) 100vw, 300px\" \/><\/a>\n\t\t\t<\/div><\/figure>\n\t\t<\/div>\n\n","protected":false},"excerpt":{"rendered":"","protected":false},"author":2,"featured_media":182,"comment_status":"open","ping_status":"open","sticky":false,"template":"","format":"standard","meta":[],"categories":[1],"tags":[40,38,42],"yoast_head":"<!-- This site is optimized with the Yoast SEO plugin v14.9 - https:\/\/yoast.com\/wordpress\/plugins\/seo\/ -->\n<title>Jour 1 - Site WilTec: Ernst-Abbe-Str. - Eschweiler<\/title>\n<meta name=\"description\" content=\"La construction des salles WILTEC a commenc\u00e9, Jour 1 - dans le parc industriel et commercial de la ville a commenc\u00e9 \u00e0 Eschweiler.\" \/>\n<meta name=\"robots\" content=\"index, follow, max-snippet:-1, max-image-preview:large, max-video-preview:-1\" \/>\n<link rel=\"canonical\" href=\"http:\/\/blog.wiltec.de\/fr\/backstage-wildanger-wiltec\/nouveau-magasin-wiltec-wildanger\/jour-1-site-wiltec-ernst-abbe-str-eschweiler\" \/>\n<meta property=\"og:locale\" content=\"fr_FR\" \/>\n<meta property=\"og:type\" content=\"article\" \/>\n<meta property=\"og:title\" content=\"Jour 1 - Site WilTec: Ernst-Abbe-Str. - Eschweiler\" \/>\n<meta property=\"og:description\" content=\"La construction des salles WILTEC a commenc\u00e9, Jour 1 - dans le parc industriel et commercial de la ville a commenc\u00e9 \u00e0 Eschweiler.\" \/>\n<meta property=\"og:url\" content=\"http:\/\/blog.wiltec.de\/fr\/backstage-wildanger-wiltec\/nouveau-magasin-wiltec-wildanger\/jour-1-site-wiltec-ernst-abbe-str-eschweiler\" \/>\n<meta property=\"og:site_name\" content=\"blog.Wiltec.de\" \/>\n<meta property=\"article:published_time\" content=\"2015-10-01T15:03:45+00:00\" \/>\n<meta property=\"article:modified_time\" content=\"2015-10-01T15:04:20+00:00\" \/>\n<meta property=\"og:image\" content=\"http:\/\/blog.wiltec.de\/fr\/wp-content\/uploads\/sites\/4\/2015\/10\/IGP-TAG-1-0.jpg\" \/>\n\t<meta property=\"og:image:width\" content=\"953\" \/>\n\t<meta property=\"og:image:height\" content=\"715\" \/>\n<meta name=\"twitter:card\" content=\"summary\" \/>\n<script type=\"application\/ld+json\" class=\"yoast-schema-graph\">{\"@context\":\"https:\/\/schema.org\",\"@graph\":[{\"@type\":\"WebSite\",\"@id\":\"http:\/\/blog.wiltec.de\/fr\/#website\",\"url\":\"http:\/\/blog.wiltec.de\/fr\/\",\"name\":\"blog.Wiltec.de\",\"description\":\"WilTec Wildanger Technik GmbH\",\"potentialAction\":[{\"@type\":\"SearchAction\",\"target\":\"http:\/\/blog.wiltec.de\/fr\/?s={search_term_string}\",\"query-input\":\"required name=search_term_string\"}],\"inLanguage\":\"fr-FR\"},{\"@type\":\"ImageObject\",\"@id\":\"http:\/\/blog.wiltec.de\/fr\/backstage-wildanger-wiltec\/nouveau-magasin-wiltec-wildanger\/jour-1-site-wiltec-ernst-abbe-str-eschweiler#primaryimage\",\"inLanguage\":\"fr-FR\",\"url\":\"http:\/\/blog.wiltec.de\/fr\/wp-content\/uploads\/sites\/4\/2015\/10\/IGP-TAG-1-0.jpg\",\"width\":953,\"height\":715,\"caption\":\"Jour 1 - Site WilTec: Ernst-Abbe-Str. - Eschweiler\"},{\"@type\":\"WebPage\",\"@id\":\"http:\/\/blog.wiltec.de\/fr\/backstage-wildanger-wiltec\/nouveau-magasin-wiltec-wildanger\/jour-1-site-wiltec-ernst-abbe-str-eschweiler#webpage\",\"url\":\"http:\/\/blog.wiltec.de\/fr\/backstage-wildanger-wiltec\/nouveau-magasin-wiltec-wildanger\/jour-1-site-wiltec-ernst-abbe-str-eschweiler\",\"name\":\"Jour 1 - Site WilTec: Ernst-Abbe-Str. - Eschweiler\",\"isPartOf\":{\"@id\":\"http:\/\/blog.wiltec.de\/fr\/#website\"},\"primaryImageOfPage\":{\"@id\":\"http:\/\/blog.wiltec.de\/fr\/backstage-wildanger-wiltec\/nouveau-magasin-wiltec-wildanger\/jour-1-site-wiltec-ernst-abbe-str-eschweiler#primaryimage\"},\"datePublished\":\"2015-10-01T15:03:45+00:00\",\"dateModified\":\"2015-10-01T15:04:20+00:00\",\"author\":{\"@id\":\"http:\/\/blog.wiltec.de\/fr\/#\/schema\/person\/580393207d70bc3a2d86244ce7aa6ae4\"},\"description\":\"La construction des salles WILTEC a commenc\\u00e9, Jour 1 - dans le parc industriel et commercial de la ville a commenc\\u00e9 \\u00e0 Eschweiler.\",\"inLanguage\":\"fr-FR\",\"potentialAction\":[{\"@type\":\"ReadAction\",\"target\":[\"http:\/\/blog.wiltec.de\/fr\/backstage-wildanger-wiltec\/nouveau-magasin-wiltec-wildanger\/jour-1-site-wiltec-ernst-abbe-str-eschweiler\"]}]},{\"@type\":\"Person\",\"@id\":\"http:\/\/blog.wiltec.de\/fr\/#\/schema\/person\/580393207d70bc3a2d86244ce7aa6ae4\",\"name\":\"WilTec\"}]}<\/script>\n<!-- \/ Yoast SEO plugin. -->","_links":{"self":[{"href":"http:\/\/blog.wiltec.de\/fr\/wp-json\/wp\/v2\/posts\/190"}],"collection":[{"href":"http:\/\/blog.wiltec.de\/fr\/wp-json\/wp\/v2\/posts"}],"about":[{"href":"http:\/\/blog.wiltec.de\/fr\/wp-json\/wp\/v2\/types\/post"}],"author":[{"embeddable":true,"href":"http:\/\/blog.wiltec.de\/fr\/wp-json\/wp\/v2\/users\/2"}],"replies":[{"embeddable":true,"href":"http:\/\/blog.wiltec.de\/fr\/wp-json\/wp\/v2\/comments?post=190"}],"version-history":[{"count":2,"href":"http:\/\/blog.wiltec.de\/fr\/wp-json\/wp\/v2\/posts\/190\/revisions"}],"predecessor-version":[{"id":194,"href":"http:\/\/blog.wiltec.de\/fr\/wp-json\/wp\/v2\/posts\/190\/revisions\/194"}],"wp:featuredmedia":[{"embeddable":true,"href":"http:\/\/blog.wiltec.de\/fr\/wp-json\/wp\/v2\/media\/182"}],"wp:attachment":[{"href":"http:\/\/blog.wiltec.de\/fr\/wp-json\/wp\/v2\/media?parent=190"}],"wp:term":[{"taxonomy":"category","embeddable":true,"href":"http:\/\/blog.wiltec.de\/fr\/wp-json\/wp\/v2\/categories?post=190"},{"taxonomy":"post_tag","embeddable":true,"href":"http:\/\/blog.wiltec.de\/fr\/wp-json\/wp\/v2\/tags?post=190"}],"curies":[{"name":"wp","href":"https:\/\/api.w.org\/{rel}","templated":true}]}}