{"id":126,"date":"2015-06-16T16:35:41","date_gmt":"2015-06-16T14:35:41","guid":{"rendered":"http:\/\/blog.wiltec.de\/fr\/?p=126"},"modified":"2015-09-01T16:42:40","modified_gmt":"2015-09-01T14:42:40","slug":"permis-de-construction-ernst-abbe-str-igp","status":"publish","type":"post","link":"http:\/\/blog.wiltec.de\/fr\/backstage-wildanger-wiltec\/nouveau-magasin-wiltec-wildanger\/permis-de-construction-ernst-abbe-str-igp","title":{"rendered":"Permis de construction Ernst-Abbe-Str. (IGP)"},"content":{"rendered":"<p>A ce jour et finalement, nous avons re\u00e7u <strong>la permission de construire<\/strong> pour notre projet Ernst-Abbe-Strasse. Sous r\u00e9serve de la pr\u00e9sentation du calcul statique v\u00e9rifi\u00e9e, nous pouvons enfin commencer la construction. Cette restriction ne nous nuit en rien , puisque sans statique, nous ne pouvons logiquement pas commencer la construction m\u00e9tallique, de sorte qu\u2019il ne semble y a voir de la part de la commune, aucun obstacle nous emp\u00eachant de r\u00e9aliser la premi\u00e8re phase de construction.<\/p>\n<p>Cela ressemble \u00e0 ce qui suit :<\/p>\n<figure id=\"attachment_128\" aria-describedby=\"caption-attachment-128\" style=\"width: 577px\" class=\"wp-caption aligncenter\"><a href=\"http:\/\/blog.wiltec.de\/fr\/wp-content\/uploads\/sites\/4\/2015\/09\/345DE_Ausf1.jpg\"><img loading=\"lazy\" class=\"wp-image-128 size-full\" src=\"http:\/\/blog.wiltec.de\/fr\/wp-content\/uploads\/sites\/4\/2015\/09\/345DE_Ausf1.jpg\" alt=\"Planification de la premi\u00e8re phase de construction - Plan de sol\" width=\"577\" height=\"406\" srcset=\"http:\/\/blog.wiltec.de\/fr\/wp-content\/uploads\/sites\/4\/2015\/09\/345DE_Ausf1.jpg 577w, http:\/\/blog.wiltec.de\/fr\/wp-content\/uploads\/sites\/4\/2015\/09\/345DE_Ausf1-300x211.jpg 300w\" sizes=\"(max-width: 577px) 100vw, 577px\" \/><\/a><figcaption id=\"caption-attachment-128\" class=\"wp-caption-text\">Planification de la premi\u00e8re phase de construction &#8211; Plan de sol<\/figcaption><\/figure>\n<figure id=\"attachment_130\" aria-describedby=\"caption-attachment-130\" style=\"width: 1000px\" class=\"wp-caption aligncenter\"><a href=\"http:\/\/blog.wiltec.de\/fr\/wp-content\/uploads\/sites\/4\/2015\/09\/345DE_Ausf2.jpg\"><img loading=\"lazy\" class=\"wp-image-130 size-full\" src=\"http:\/\/blog.wiltec.de\/fr\/wp-content\/uploads\/sites\/4\/2015\/09\/345DE_Ausf2.jpg\" alt=\"Planification de la premi\u00e8re phase de construction \u2013 Vue de l\u2019ext\u00e9rieur \" width=\"1000\" height=\"704\" srcset=\"http:\/\/blog.wiltec.de\/fr\/wp-content\/uploads\/sites\/4\/2015\/09\/345DE_Ausf2.jpg 1000w, http:\/\/blog.wiltec.de\/fr\/wp-content\/uploads\/sites\/4\/2015\/09\/345DE_Ausf2-300x211.jpg 300w\" sizes=\"(max-width: 1000px) 100vw, 1000px\" \/><\/a><figcaption id=\"caption-attachment-130\" class=\"wp-caption-text\">Planification de la premi\u00e8re phase de construction \u2013 Vue de l\u2019ext\u00e9rieur<\/figcaption><\/figure>\n","protected":false},"excerpt":{"rendered":"<p>A ce jour et finalement, nous avons re\u00e7u la permission de construire pour notre projet Ernst-Abbe-Strasse. Sous r\u00e9serve de la pr\u00e9sentation du calcul statique v\u00e9rifi\u00e9e, nous pouvons enfin commencer la construction. Cette restriction ne nous nuit en rien , puisque sans statique, nous ne pouvons logiquement pas commencer la construction m\u00e9tallique, de sorte qu\u2019il ne [&hellip;]<\/p>\n","protected":false},"author":2,"featured_media":0,"comment_status":"open","ping_status":"open","sticky":false,"template":"","format":"standard","meta":[],"categories":[1],"tags":[40,38,42],"yoast_head":"<!-- This site is optimized with the Yoast SEO plugin v14.9 - https:\/\/yoast.com\/wordpress\/plugins\/seo\/ -->\n<title>Permis de construction Ernst-Abbe-Str. (IGP) - blog.Wiltec.de<\/title>\n<meta name=\"robots\" content=\"index, follow, max-snippet:-1, max-image-preview:large, max-video-preview:-1\" \/>\n<link rel=\"canonical\" href=\"http:\/\/blog.wiltec.de\/fr\/backstage-wildanger-wiltec\/nouveau-magasin-wiltec-wildanger\/permis-de-construction-ernst-abbe-str-igp\" \/>\n<meta property=\"og:locale\" content=\"fr_FR\" \/>\n<meta property=\"og:type\" content=\"article\" \/>\n<meta property=\"og:title\" content=\"Permis de construction Ernst-Abbe-Str. (IGP) - blog.Wiltec.de\" \/>\n<meta property=\"og:description\" content=\"A ce jour et finalement, nous avons re\u00e7u la permission de construire pour notre projet Ernst-Abbe-Strasse. Sous r\u00e9serve de la pr\u00e9sentation du calcul statique v\u00e9rifi\u00e9e, nous pouvons enfin commencer la construction. Cette restriction ne nous nuit en rien , puisque sans statique, nous ne pouvons logiquement pas commencer la construction m\u00e9tallique, de sorte qu\u2019il ne [&hellip;]\" \/>\n<meta property=\"og:url\" content=\"http:\/\/blog.wiltec.de\/fr\/backstage-wildanger-wiltec\/nouveau-magasin-wiltec-wildanger\/permis-de-construction-ernst-abbe-str-igp\" \/>\n<meta property=\"og:site_name\" content=\"blog.Wiltec.de\" \/>\n<meta property=\"article:published_time\" content=\"2015-06-16T14:35:41+00:00\" \/>\n<meta property=\"article:modified_time\" content=\"2015-09-01T14:42:40+00:00\" \/>\n<meta property=\"og:image\" content=\"http:\/\/blog.wiltec.de\/fr\/wp-content\/uploads\/sites\/4\/2015\/09\/345DE_Ausf1.jpg\" \/>\n<meta name=\"twitter:card\" content=\"summary\" \/>\n<script type=\"application\/ld+json\" class=\"yoast-schema-graph\">{\"@context\":\"https:\/\/schema.org\",\"@graph\":[{\"@type\":\"WebSite\",\"@id\":\"http:\/\/blog.wiltec.de\/fr\/#website\",\"url\":\"http:\/\/blog.wiltec.de\/fr\/\",\"name\":\"blog.Wiltec.de\",\"description\":\"WilTec Wildanger Technik GmbH\",\"potentialAction\":[{\"@type\":\"SearchAction\",\"target\":\"http:\/\/blog.wiltec.de\/fr\/?s={search_term_string}\",\"query-input\":\"required name=search_term_string\"}],\"inLanguage\":\"fr-FR\"},{\"@type\":\"ImageObject\",\"@id\":\"http:\/\/blog.wiltec.de\/fr\/backstage-wildanger-wiltec\/nouveau-magasin-wiltec-wildanger\/permis-de-construction-ernst-abbe-str-igp#primaryimage\",\"inLanguage\":\"fr-FR\",\"url\":\"http:\/\/blog.wiltec.de\/fr\/wp-content\/uploads\/sites\/4\/2015\/09\/345DE_Ausf1.jpg\",\"width\":577,\"height\":406,\"caption\":\"Planification de la premi\\u00e8re phase de construction - Plan de sol\"},{\"@type\":\"WebPage\",\"@id\":\"http:\/\/blog.wiltec.de\/fr\/backstage-wildanger-wiltec\/nouveau-magasin-wiltec-wildanger\/permis-de-construction-ernst-abbe-str-igp#webpage\",\"url\":\"http:\/\/blog.wiltec.de\/fr\/backstage-wildanger-wiltec\/nouveau-magasin-wiltec-wildanger\/permis-de-construction-ernst-abbe-str-igp\",\"name\":\"Permis de construction Ernst-Abbe-Str. (IGP) - blog.Wiltec.de\",\"isPartOf\":{\"@id\":\"http:\/\/blog.wiltec.de\/fr\/#website\"},\"primaryImageOfPage\":{\"@id\":\"http:\/\/blog.wiltec.de\/fr\/backstage-wildanger-wiltec\/nouveau-magasin-wiltec-wildanger\/permis-de-construction-ernst-abbe-str-igp#primaryimage\"},\"datePublished\":\"2015-06-16T14:35:41+00:00\",\"dateModified\":\"2015-09-01T14:42:40+00:00\",\"author\":{\"@id\":\"http:\/\/blog.wiltec.de\/fr\/#\/schema\/person\/580393207d70bc3a2d86244ce7aa6ae4\"},\"inLanguage\":\"fr-FR\",\"potentialAction\":[{\"@type\":\"ReadAction\",\"target\":[\"http:\/\/blog.wiltec.de\/fr\/backstage-wildanger-wiltec\/nouveau-magasin-wiltec-wildanger\/permis-de-construction-ernst-abbe-str-igp\"]}]},{\"@type\":\"Person\",\"@id\":\"http:\/\/blog.wiltec.de\/fr\/#\/schema\/person\/580393207d70bc3a2d86244ce7aa6ae4\",\"name\":\"WilTec\"}]}<\/script>\n<!-- \/ Yoast SEO plugin. -->","_links":{"self":[{"href":"http:\/\/blog.wiltec.de\/fr\/wp-json\/wp\/v2\/posts\/126"}],"collection":[{"href":"http:\/\/blog.wiltec.de\/fr\/wp-json\/wp\/v2\/posts"}],"about":[{"href":"http:\/\/blog.wiltec.de\/fr\/wp-json\/wp\/v2\/types\/post"}],"author":[{"embeddable":true,"href":"http:\/\/blog.wiltec.de\/fr\/wp-json\/wp\/v2\/users\/2"}],"replies":[{"embeddable":true,"href":"http:\/\/blog.wiltec.de\/fr\/wp-json\/wp\/v2\/comments?post=126"}],"version-history":[{"count":1,"href":"http:\/\/blog.wiltec.de\/fr\/wp-json\/wp\/v2\/posts\/126\/revisions"}],"predecessor-version":[{"id":132,"href":"http:\/\/blog.wiltec.de\/fr\/wp-json\/wp\/v2\/posts\/126\/revisions\/132"}],"wp:attachment":[{"href":"http:\/\/blog.wiltec.de\/fr\/wp-json\/wp\/v2\/media?parent=126"}],"wp:term":[{"taxonomy":"category","embeddable":true,"href":"http:\/\/blog.wiltec.de\/fr\/wp-json\/wp\/v2\/categories?post=126"},{"taxonomy":"post_tag","embeddable":true,"href":"http:\/\/blog.wiltec.de\/fr\/wp-json\/wp\/v2\/tags?post=126"}],"curies":[{"name":"wp","href":"https:\/\/api.w.org\/{rel}","templated":true}]}}