{"id":120,"date":"2015-07-09T16:28:55","date_gmt":"2015-07-09T14:28:55","guid":{"rendered":"http:\/\/blog.wiltec.de\/fr\/?p=120"},"modified":"2015-09-01T16:35:30","modified_gmt":"2015-09-01T14:35:30","slug":"societe-valeres-a-ete-tant-quentrepreneur-general-charge-projet","status":"publish","type":"post","link":"http:\/\/blog.wiltec.de\/fr\/backstage-wildanger-wiltec\/nouveau-magasin-wiltec-wildanger\/societe-valeres-a-ete-tant-quentrepreneur-general-charge-projet","title":{"rendered":"La soci\u00e9t\u00e9 Valeres a \u00e9t\u00e9, en tant qu\u2019entrepreneur g\u00e9n\u00e9ral, charg\u00e9 du projet."},"content":{"rendered":"<p>Suite \u00e0 une r\u00e9union intensive de projet, nous avons d\u00e9cid\u00e9 de remettre le contrat de construction \u00e0 nouveau \u00e0 la soci\u00e9t\u00e9 <a href=\"http:\/\/www.valeres.de\/industriebau.htm\" target=\"_blank\">Valeres Industriebau GmbH<\/a> \u00e0 W\u00fcrselen, notamment en raison de l\u2019exp\u00e9rience positive que nous avons faite avec eux lors de la construction de l\u2019entrep\u00f4t \u00e0 K\u00f6nigsbenden 28 dans l\u2019ann\u00e9e 2010.<\/p>\n<p>Ainsi commence \u00e0 partir d\u2019aujourd\u2019hui, l\u2019ex\u00e9cution minutieuse du planning.<\/p>\n<p>Le compte \u00e0 rebours \u00e0 commenc\u00e9:<br \/>\nLa mise en place de la construction m\u00e9tallique est pr\u00e9vue dans 10 \u00e0 12 semaines.<\/p>\n","protected":false},"excerpt":{"rendered":"<p>Suite \u00e0 une r\u00e9union intensive de projet, nous avons d\u00e9cid\u00e9 de remettre le contrat de construction \u00e0 nouveau \u00e0 la soci\u00e9t\u00e9 Valeres Industriebau GmbH \u00e0 W\u00fcrselen, notamment en raison de l\u2019exp\u00e9rience positive que nous avons faite avec eux lors de la construction de l\u2019entrep\u00f4t \u00e0 K\u00f6nigsbenden 28 dans l\u2019ann\u00e9e 2010. Ainsi commence \u00e0 partir d\u2019aujourd\u2019hui, [&hellip;]<\/p>\n","protected":false},"author":2,"featured_media":122,"comment_status":"open","ping_status":"open","sticky":false,"template":"","format":"standard","meta":[],"categories":[1],"tags":[40,38,42],"yoast_head":"<!-- This site is optimized with the Yoast SEO plugin v14.9 - https:\/\/yoast.com\/wordpress\/plugins\/seo\/ -->\n<title>La soci\u00e9t\u00e9 Valeres a \u00e9t\u00e9, en tant qu\u2019entrepreneur g\u00e9n\u00e9ral.<\/title>\n<meta name=\"description\" content=\"Suite \u00e0 une r\u00e9union intensive de projet, nous avons d\u00e9cid\u00e9 de remettre le contrat de construction \u00e0 nouveau \u00e0 la soci\u00e9t\u00e9 Valeres Industriebau GmbH.\" \/>\n<meta name=\"robots\" content=\"index, follow, max-snippet:-1, max-image-preview:large, max-video-preview:-1\" \/>\n<link rel=\"canonical\" href=\"http:\/\/blog.wiltec.de\/fr\/backstage-wildanger-wiltec\/nouveau-magasin-wiltec-wildanger\/societe-valeres-a-ete-tant-quentrepreneur-general-charge-projet\" \/>\n<meta property=\"og:locale\" content=\"fr_FR\" \/>\n<meta property=\"og:type\" content=\"article\" \/>\n<meta property=\"og:title\" content=\"La soci\u00e9t\u00e9 Valeres a \u00e9t\u00e9, en tant qu\u2019entrepreneur g\u00e9n\u00e9ral.\" \/>\n<meta property=\"og:description\" content=\"Suite \u00e0 une r\u00e9union intensive de projet, nous avons d\u00e9cid\u00e9 de remettre le contrat de construction \u00e0 nouveau \u00e0 la soci\u00e9t\u00e9 Valeres Industriebau GmbH.\" \/>\n<meta property=\"og:url\" content=\"http:\/\/blog.wiltec.de\/fr\/backstage-wildanger-wiltec\/nouveau-magasin-wiltec-wildanger\/societe-valeres-a-ete-tant-quentrepreneur-general-charge-projet\" \/>\n<meta property=\"og:site_name\" content=\"blog.Wiltec.de\" \/>\n<meta property=\"article:published_time\" content=\"2015-07-09T14:28:55+00:00\" \/>\n<meta property=\"article:modified_time\" content=\"2015-09-01T14:35:30+00:00\" \/>\n<meta property=\"og:image\" content=\"http:\/\/blog.wiltec.de\/fr\/wp-content\/uploads\/sites\/4\/2015\/09\/pic-6-1.jpg\" \/>\n\t<meta property=\"og:image:width\" content=\"953\" \/>\n\t<meta property=\"og:image:height\" content=\"536\" \/>\n<meta name=\"twitter:card\" content=\"summary\" \/>\n<script type=\"application\/ld+json\" class=\"yoast-schema-graph\">{\"@context\":\"https:\/\/schema.org\",\"@graph\":[{\"@type\":\"WebSite\",\"@id\":\"http:\/\/blog.wiltec.de\/fr\/#website\",\"url\":\"http:\/\/blog.wiltec.de\/fr\/\",\"name\":\"blog.Wiltec.de\",\"description\":\"WilTec Wildanger Technik GmbH\",\"potentialAction\":[{\"@type\":\"SearchAction\",\"target\":\"http:\/\/blog.wiltec.de\/fr\/?s={search_term_string}\",\"query-input\":\"required name=search_term_string\"}],\"inLanguage\":\"fr-FR\"},{\"@type\":\"ImageObject\",\"@id\":\"http:\/\/blog.wiltec.de\/fr\/backstage-wildanger-wiltec\/nouveau-magasin-wiltec-wildanger\/societe-valeres-a-ete-tant-quentrepreneur-general-charge-projet#primaryimage\",\"inLanguage\":\"fr-FR\",\"url\":\"http:\/\/blog.wiltec.de\/fr\/wp-content\/uploads\/sites\/4\/2015\/09\/pic-6-1.jpg\",\"width\":953,\"height\":536,\"caption\":\"La soci\\u00e9t\\u00e9 Valeres a \\u00e9t\\u00e9, en tant qu\\u2019entrepreneur g\\u00e9n\\u00e9ral\"},{\"@type\":\"WebPage\",\"@id\":\"http:\/\/blog.wiltec.de\/fr\/backstage-wildanger-wiltec\/nouveau-magasin-wiltec-wildanger\/societe-valeres-a-ete-tant-quentrepreneur-general-charge-projet#webpage\",\"url\":\"http:\/\/blog.wiltec.de\/fr\/backstage-wildanger-wiltec\/nouveau-magasin-wiltec-wildanger\/societe-valeres-a-ete-tant-quentrepreneur-general-charge-projet\",\"name\":\"La soci\\u00e9t\\u00e9 Valeres a \\u00e9t\\u00e9, en tant qu\\u2019entrepreneur g\\u00e9n\\u00e9ral.\",\"isPartOf\":{\"@id\":\"http:\/\/blog.wiltec.de\/fr\/#website\"},\"primaryImageOfPage\":{\"@id\":\"http:\/\/blog.wiltec.de\/fr\/backstage-wildanger-wiltec\/nouveau-magasin-wiltec-wildanger\/societe-valeres-a-ete-tant-quentrepreneur-general-charge-projet#primaryimage\"},\"datePublished\":\"2015-07-09T14:28:55+00:00\",\"dateModified\":\"2015-09-01T14:35:30+00:00\",\"author\":{\"@id\":\"http:\/\/blog.wiltec.de\/fr\/#\/schema\/person\/580393207d70bc3a2d86244ce7aa6ae4\"},\"description\":\"Suite \\u00e0 une r\\u00e9union intensive de projet, nous avons d\\u00e9cid\\u00e9 de remettre le contrat de construction \\u00e0 nouveau \\u00e0 la soci\\u00e9t\\u00e9 Valeres Industriebau GmbH.\",\"inLanguage\":\"fr-FR\",\"potentialAction\":[{\"@type\":\"ReadAction\",\"target\":[\"http:\/\/blog.wiltec.de\/fr\/backstage-wildanger-wiltec\/nouveau-magasin-wiltec-wildanger\/societe-valeres-a-ete-tant-quentrepreneur-general-charge-projet\"]}]},{\"@type\":\"Person\",\"@id\":\"http:\/\/blog.wiltec.de\/fr\/#\/schema\/person\/580393207d70bc3a2d86244ce7aa6ae4\",\"name\":\"WilTec\"}]}<\/script>\n<!-- \/ Yoast SEO plugin. -->","_links":{"self":[{"href":"http:\/\/blog.wiltec.de\/fr\/wp-json\/wp\/v2\/posts\/120"}],"collection":[{"href":"http:\/\/blog.wiltec.de\/fr\/wp-json\/wp\/v2\/posts"}],"about":[{"href":"http:\/\/blog.wiltec.de\/fr\/wp-json\/wp\/v2\/types\/post"}],"author":[{"embeddable":true,"href":"http:\/\/blog.wiltec.de\/fr\/wp-json\/wp\/v2\/users\/2"}],"replies":[{"embeddable":true,"href":"http:\/\/blog.wiltec.de\/fr\/wp-json\/wp\/v2\/comments?post=120"}],"version-history":[{"count":1,"href":"http:\/\/blog.wiltec.de\/fr\/wp-json\/wp\/v2\/posts\/120\/revisions"}],"predecessor-version":[{"id":124,"href":"http:\/\/blog.wiltec.de\/fr\/wp-json\/wp\/v2\/posts\/120\/revisions\/124"}],"wp:featuredmedia":[{"embeddable":true,"href":"http:\/\/blog.wiltec.de\/fr\/wp-json\/wp\/v2\/media\/122"}],"wp:attachment":[{"href":"http:\/\/blog.wiltec.de\/fr\/wp-json\/wp\/v2\/media?parent=120"}],"wp:term":[{"taxonomy":"category","embeddable":true,"href":"http:\/\/blog.wiltec.de\/fr\/wp-json\/wp\/v2\/categories?post=120"},{"taxonomy":"post_tag","embeddable":true,"href":"http:\/\/blog.wiltec.de\/fr\/wp-json\/wp\/v2\/tags?post=120"}],"curies":[{"name":"wp","href":"https:\/\/api.w.org\/{rel}","templated":true}]}}